{"id":9531,"date":"2026-05-13T16:16:15","date_gmt":"2026-05-13T16:16:15","guid":{"rendered":"https:\/\/auctionafrique.co.uk\/2026\/05\/13\/indicateurs-flatteurs-societe-a-bout-de-souffle\/"},"modified":"2026-05-13T16:16:15","modified_gmt":"2026-05-13T16:16:15","slug":"indicateurs-flatteurs-societe-a-bout-de-souffle","status":"publish","type":"post","link":"https:\/\/auctionafrique.co.uk\/ar\/2026\/05\/13\/indicateurs-flatteurs-societe-a-bout-de-souffle\/","title":{"rendered":"indicateurs flatteurs, soci\u00e9t\u00e9 \u00e0 bout de souffle"},"content":{"rendered":"<p><br \/>\n<\/p>\n<div>\n\t\t\t\t\t Il y a, dans les march\u00e9s populaires du Maroc, une v\u00e9rit\u00e9 que nul tableau de bord budg\u00e9taire ne saurait contenir. C&rsquo;est cette v\u00e9rit\u00e9 que Youssef A\u00efdi, pr\u00e9sident du Groupe socialiste\u2014 Opposition ittihadie \u00e0 la Chambre des conseillers, a port\u00e9e jusqu&rsquo;au c\u0153ur de l&rsquo;h\u00e9micycle, lors de la s\u00e9ance des questions orales consacr\u00e9e \u00e0 l&rsquo;ex\u00e9cution de la loi de Finances 2026.\u00a0\u00a0\u00a0\u00a0\u00a0\u00a0\u00a0\u00a0\u00a0\u00a0\u00a0\u00a0\u00a0\u00a0\u00a0\u00a0\u00a0\u00a0\u00a0\u00a0 <\/p>\n<p>Mardi 12 mai, face au ministre d\u00e9l\u00e9gu\u00e9 charg\u00e9 du Budget, A\u00efdi a pos\u00e9 le d\u00e9bat avec une nettet\u00e9 qui tranche avec la rh\u00e9torique habituelle des chiffres : \u00e9valuer une loi de Finances ne saurait se r\u00e9duire \u00e0 un exercice de comptabilit\u00e9 macro\u00e9conomique. Ce qui importe, au bout du compte, c&rsquo;est l&rsquo;impact r\u00e9el des politiques publiques sur la vie ordinaire des Marocains, sur leurs courses du matin, sur leur capacit\u00e9 \u00e0 finir le mois. <\/p>\n<p>Le tableau qu&rsquo;il dresse est celui d&rsquo;une soci\u00e9t\u00e9 sous tension. Les familles marocaines font face, presque jour apr\u00e8s jour, \u00e0 de nouvelles hausses : les l\u00e9gumes, les carburants, les produits de grande consommation, autant de d\u00e9penses contraintes qui grignotent les budgets m\u00e9nagers et alimentent une sourde inqui\u00e9tude sociale. Cette pression, dit-il, s&rsquo;intensifie \u00e0 l&rsquo;approche des f\u00eates religieuses, p\u00e9riode o\u00f9 les charges s&rsquo;accumulent et o\u00f9 les arbitrages les plus douloureux s&rsquo;imposent. <\/p>\n<p>Avec une acuit\u00e9 particuli\u00e8re, le parlementaire s&rsquo;est arr\u00eat\u00e9 sur la situation du march\u00e9 des ovins \u00e0 l&rsquo;approche de l&rsquo;A\u00efd Al-Adha, ce moment de l&rsquo;ann\u00e9e o\u00f9 la promesse d&rsquo;une \u00e9conomie inclusive se mesure \u00e0 l&rsquo;aune de la capacit\u00e9 de chaque foyer \u00e0 accomplir un rituel s\u00e9culaire. Les donn\u00e9es officielles font \u00e9tat d&rsquo;une offre suffisante et de mesures de soutien accord\u00e9es aux \u00e9leveurs. Pourtant, sur les march\u00e9s, les prix restent hors de port\u00e9e pour une large frange de la population. <\/p>\n<p>Cet \u00e9cart entre les annonces et le v\u00e9cu, Youssef A\u00efdi l&rsquo;a nomm\u00e9 sans d\u00e9tour : il n&rsquo;est pas le fruit du hasard, mais le sympt\u00f4me d&rsquo;une politique qui se targue des indicateurs sans s&rsquo;adresser \u00e0 ceux qui les subissent.\u00a0 <\/p>\n<p>\u00abUne bonne saison agricole ne nourrit pas le r\u00e9cit de la r\u00e9ussite si les citoyens n&rsquo;en ressentent pas les effets\u00bb, a en substance d\u00e9clar\u00e9 le chef de file du Groupe socialiste. Des pr\u00e9visions de croissance flatteuses, un taux d&rsquo;ex\u00e9cution budg\u00e9taire satisfaisant, tout cela est r\u00e9el, mais insuffisant si ce dynamisme ne se traduit pas en emplois stables, en services publics dignes et\u00a0 en perspectives tangibles pour la jeunesse. <\/p>\n<p>C&rsquo;est pr\u00e9cis\u00e9ment ce hiatus que d\u00e9nonce A\u00efdi : la faiblesse de l&rsquo;impact social de la d\u00e9pense publique, dans un contexte o\u00f9 le ch\u00f4mage demeure structurellement \u00e9lev\u00e9 et o\u00f9 plusieurs programmes de d\u00e9veloppement territorial peinent \u00e0 produire des effets concrets sur les territoires les plus fragilis\u00e9s. <\/p>\n<p>Le parlementaire n&rsquo;a pas manqu\u00e9 d&rsquo;\u00e9voquer le retard accumul\u00e9 dans le traitement de dossiers fondamentaux touchant \u00e0 l&rsquo;\u00e9ducation et \u00e0 la sant\u00e9, deux piliers dont l&rsquo;\u00e9tat d\u00e9termine, plus que tout autre indicateur, la confiance ou la d\u00e9fiance des citoyens envers leurs institutions. Il a notamment point\u00e9 la question des avancements professionnels, bloqu\u00e9s depuis plusieurs ann\u00e9es pour de nombreux agents de la fonction publique, sans qu&rsquo;aucune perspective de d\u00e9nouement ne soit clairement trac\u00e9e. <\/p>\n<p>Youssef A\u00efdi a \u00e9galement tenu \u00e0 rappeler une \u00e9vidence que le langage technocratique tend parfois \u00e0 \u00e9clipser : la r\u00e9ussite d&rsquo;un budget public se mesure, in fine, \u00e0 la qualit\u00e9 de vie qu&rsquo;il permet. Non pas aux taux qu&rsquo;il affiche, mais aux existences qu&rsquo;il am\u00e9liore. Non pas aux colonnes qu&rsquo;il \u00e9quilibre, mais aux attentes qu&rsquo;il comble. <br \/>C&rsquo;est \u00e0 cet imp\u00e9ratif de r\u00e9sultats concrets \u2014 et non de performances abstraites \u2014 que le gouvernement est d\u00e9sormais convi\u00e9 \u00e0 r\u00e9pondre. <\/p>\n<p><strong>Mehdi.O<\/strong>\n\t\t\t\t <\/p>\n<\/div>\n<p><br \/>\n<br \/><a href=\"https:\/\/www.libe.ma\/Youssef-Aidi-interpelle-le-gouvernement-sur-l-erosion-du-pouvoir-d-achat-indicateurs-flatteurs-societe-a-bout-de_a161300.html\">\u0631\u0627\u0628\u0637 \u0627\u0644\u0645\u0635\u062f\u0631 <\/a><\/p>","protected":false},"excerpt":{"rendered":"<p>Il y a, dans les march\u00e9s populaires du Maroc, une v\u00e9rit\u00e9 que nul tableau de bord budg\u00e9taire ne saurait contenir.<\/p>","protected":false},"author":30,"featured_media":9532,"comment_status":"open","ping_status":"open","sticky":false,"template":"","format":"standard","meta":{"googlesitekit_rrm_CAow1p3FDA:productID":"","_jetpack_memberships_contains_paid_content":false,"footnotes":"","jetpack_publicize_message":"","jetpack_publicize_feature_enabled":true,"jetpack_social_post_already_shared":true,"jetpack_social_options":{"image_generator_settings":{"template":"highway","default_image_id":0,"font":"","enabled":false},"version":2}},"categories":[1],"tags":[],"class_list":["post-9531","post","type-post","status-publish","format-standard","has-post-thumbnail","hentry","category-uncategorized"],"jetpack_publicize_connections":[],"jetpack_featured_media_url":"https:\/\/auctionafrique.co.uk\/wp-content\/uploads\/2026\/05\/96542563-67308472.jpg","jetpack_sharing_enabled":true,"_links":{"self":[{"href":"https:\/\/auctionafrique.co.uk\/ar\/wp-json\/wp\/v2\/posts\/9531","targetHints":{"allow":["GET"]}}],"collection":[{"href":"https:\/\/auctionafrique.co.uk\/ar\/wp-json\/wp\/v2\/posts"}],"about":[{"href":"https:\/\/auctionafrique.co.uk\/ar\/wp-json\/wp\/v2\/types\/post"}],"author":[{"embeddable":true,"href":"https:\/\/auctionafrique.co.uk\/ar\/wp-json\/wp\/v2\/users\/30"}],"replies":[{"embeddable":true,"href":"https:\/\/auctionafrique.co.uk\/ar\/wp-json\/wp\/v2\/comments?post=9531"}],"version-history":[{"count":0,"href":"https:\/\/auctionafrique.co.uk\/ar\/wp-json\/wp\/v2\/posts\/9531\/revisions"}],"wp:featuredmedia":[{"embeddable":true,"href":"https:\/\/auctionafrique.co.uk\/ar\/wp-json\/wp\/v2\/media\/9532"}],"wp:attachment":[{"href":"https:\/\/auctionafrique.co.uk\/ar\/wp-json\/wp\/v2\/media?parent=9531"}],"wp:term":[{"taxonomy":"category","embeddable":true,"href":"https:\/\/auctionafrique.co.uk\/ar\/wp-json\/wp\/v2\/categories?post=9531"},{"taxonomy":"post_tag","embeddable":true,"href":"https:\/\/auctionafrique.co.uk\/ar\/wp-json\/wp\/v2\/tags?post=9531"}],"curies":[{"name":"wp","href":"https:\/\/api.w.org\/{rel}","templated":true}]}}